{"id":3949,"date":"2017-07-06T11:32:27","date_gmt":"2017-07-06T09:32:27","guid":{"rendered":"http:\/\/balneariodelugo.com\/?p=3949"},"modified":"2020-08-31T10:17:10","modified_gmt":"2020-08-31T10:17:10","slug":"arde-lvcvs-mmxvii-invocacion-as-ninfas","status":"publish","type":"post","link":"https:\/\/balneariodelugo.com\/gl\/arde-lvcvs-mmxvii-invocacion-as-ninfas\/","title":{"rendered":"ARDE LVCVS MMXVII: ofrenda \u00e1s ninfas"},"content":{"rendered":"<p>O pasado venres, d\u00eda 30 de xu\u00f1o, celebrouse, nas Termas Romanas de Lvcvs Avgvsti, un acto de ofrenda \u00e1s ninfas, con motivo da celebraci\u00f3n do Arde Lvcvs, Festa de Interese Tur\u00edstico Nacional, que cada a\u00f1o fai revivir a historia romana e castrexa da cidade.<\/p>\n","protected":false},"excerpt":{"rendered":"<p>O pasado venres, d\u00eda 30 de xu\u00f1o, celebrouse, nas Termas Romanas de Lvcvs Avgvsti, un acto de ofrenda \u00e1s ninfas, con motivo da celebraci\u00f3n do Arde Lvcvs, Festa de Interese Tur\u00edstico Nacional, que cada a\u00f1o fai revivir a historia romana e castrexa da cidade.<\/p>\n","protected":false},"author":4,"featured_media":16178,"comment_status":"closed","ping_status":"closed","sticky":false,"template":"","format":"standard","meta":{"footnotes":""},"categories":[124],"tags":[],"class_list":{"0":"post-3949","1":"post","2":"type-post","3":"status-publish","4":"format-standard","5":"has-post-thumbnail","7":"category-novas-gl"},"yoast_head":"<!-- This site is optimized with the Yoast SEO plugin v27.4 - https:\/\/yoast.com\/product\/yoast-seo-wordpress\/ -->\n<title>ARDE LVCVS MMXVII: ofrenda \u00e1s ninfas - Hotel Balneario de Lugo - Termas Romanas<\/title>\n<meta name=\"robots\" content=\"index, follow, max-snippet:-1, max-image-preview:large, max-video-preview:-1\" \/>\n<link rel=\"canonical\" href=\"https:\/\/balneariodelugo.com\/gl\/arde-lvcvs-mmxvii-invocacion-as-ninfas\/\" \/>\n<meta property=\"og:locale\" content=\"gl_ES\" \/>\n<meta property=\"og:type\" content=\"article\" \/>\n<meta property=\"og:title\" content=\"ARDE LVCVS MMXVII: ofrenda \u00e1s ninfas - Hotel Balneario de Lugo - Termas Romanas\" \/>\n<meta property=\"og:description\" content=\"O pasado venres, d\u00eda 30 de xu\u00f1o, celebrouse, nas Termas Romanas de Lvcvs Avgvsti, un acto de ofrenda \u00e1s ninfas, con motivo da celebraci\u00f3n do Arde Lvcvs, Festa de Interese Tur\u00edstico Nacional, que cada a\u00f1o fai revivir a historia romana e castrexa da cidade.\" \/>\n<meta property=\"og:url\" content=\"https:\/\/balneariodelugo.com\/gl\/arde-lvcvs-mmxvii-invocacion-as-ninfas\/\" \/>\n<meta property=\"og:site_name\" content=\"Hotel Balneario de Lugo - Termas Romanas\" \/>\n<meta property=\"article:published_time\" content=\"2017-07-06T09:32:27+00:00\" \/>\n<meta property=\"article:modified_time\" content=\"2020-08-31T10:17:10+00:00\" \/>\n<meta property=\"og:image\" content=\"https:\/\/balneariodelugo.com\/wp-content\/uploads\/2017\/07\/ardelucus.balneariodelugo-1.jpg\" \/>\n\t<meta property=\"og:image:width\" content=\"960\" \/>\n\t<meta property=\"og:image:height\" content=\"720\" \/>\n\t<meta property=\"og:image:type\" content=\"image\/jpeg\" \/>\n<meta name=\"author\" content=\"Balneario de Lugo\" \/>\n<meta name=\"twitter:label1\" content=\"Escrito por\" \/>\n\t<meta name=\"twitter:data1\" content=\"Balneario de Lugo\" \/>\n<script type=\"application\/ld+json\" class=\"yoast-schema-graph\">{\"@context\":\"https:\\\/\\\/schema.org\",\"@graph\":[{\"@type\":\"Article\",\"@id\":\"https:\\\/\\\/balneariodelugo.com\\\/gl\\\/arde-lvcvs-mmxvii-invocacion-as-ninfas\\\/#article\",\"isPartOf\":{\"@id\":\"https:\\\/\\\/balneariodelugo.com\\\/gl\\\/arde-lvcvs-mmxvii-invocacion-as-ninfas\\\/\"},\"author\":{\"name\":\"Balneario de Lugo\",\"@id\":\"https:\\\/\\\/balneariodelugo.com\\\/gl\\\/#\\\/schema\\\/person\\\/dfc44874c259e1f55e3bee4157b4a43e\"},\"headline\":\"ARDE LVCVS MMXVII: ofrenda \u00e1s ninfas\",\"datePublished\":\"2017-07-06T09:32:27+00:00\",\"dateModified\":\"2020-08-31T10:17:10+00:00\",\"mainEntityOfPage\":{\"@id\":\"https:\\\/\\\/balneariodelugo.com\\\/gl\\\/arde-lvcvs-mmxvii-invocacion-as-ninfas\\\/\"},\"wordCount\":54,\"image\":{\"@id\":\"https:\\\/\\\/balneariodelugo.com\\\/gl\\\/arde-lvcvs-mmxvii-invocacion-as-ninfas\\\/#primaryimage\"},\"thumbnailUrl\":\"https:\\\/\\\/balneariodelugo.com\\\/wp-content\\\/uploads\\\/2017\\\/07\\\/ardelucus.balneariodelugo-1.jpg\",\"articleSection\":[\"Novas\"],\"inLanguage\":\"gl-ES\"},{\"@type\":\"WebPage\",\"@id\":\"https:\\\/\\\/balneariodelugo.com\\\/gl\\\/arde-lvcvs-mmxvii-invocacion-as-ninfas\\\/\",\"url\":\"https:\\\/\\\/balneariodelugo.com\\\/gl\\\/arde-lvcvs-mmxvii-invocacion-as-ninfas\\\/\",\"name\":\"ARDE LVCVS MMXVII: ofrenda \u00e1s ninfas - Hotel Balneario de Lugo - Termas Romanas\",\"isPartOf\":{\"@id\":\"https:\\\/\\\/balneariodelugo.com\\\/gl\\\/#website\"},\"primaryImageOfPage\":{\"@id\":\"https:\\\/\\\/balneariodelugo.com\\\/gl\\\/arde-lvcvs-mmxvii-invocacion-as-ninfas\\\/#primaryimage\"},\"image\":{\"@id\":\"https:\\\/\\\/balneariodelugo.com\\\/gl\\\/arde-lvcvs-mmxvii-invocacion-as-ninfas\\\/#primaryimage\"},\"thumbnailUrl\":\"https:\\\/\\\/balneariodelugo.com\\\/wp-content\\\/uploads\\\/2017\\\/07\\\/ardelucus.balneariodelugo-1.jpg\",\"datePublished\":\"2017-07-06T09:32:27+00:00\",\"dateModified\":\"2020-08-31T10:17:10+00:00\",\"author\":{\"@id\":\"https:\\\/\\\/balneariodelugo.com\\\/gl\\\/#\\\/schema\\\/person\\\/dfc44874c259e1f55e3bee4157b4a43e\"},\"breadcrumb\":{\"@id\":\"https:\\\/\\\/balneariodelugo.com\\\/gl\\\/arde-lvcvs-mmxvii-invocacion-as-ninfas\\\/#breadcrumb\"},\"inLanguage\":\"gl-ES\",\"potentialAction\":[{\"@type\":\"ReadAction\",\"target\":[\"https:\\\/\\\/balneariodelugo.com\\\/gl\\\/arde-lvcvs-mmxvii-invocacion-as-ninfas\\\/\"]}]},{\"@type\":\"ImageObject\",\"inLanguage\":\"gl-ES\",\"@id\":\"https:\\\/\\\/balneariodelugo.com\\\/gl\\\/arde-lvcvs-mmxvii-invocacion-as-ninfas\\\/#primaryimage\",\"url\":\"https:\\\/\\\/balneariodelugo.com\\\/wp-content\\\/uploads\\\/2017\\\/07\\\/ardelucus.balneariodelugo-1.jpg\",\"contentUrl\":\"https:\\\/\\\/balneariodelugo.com\\\/wp-content\\\/uploads\\\/2017\\\/07\\\/ardelucus.balneariodelugo-1.jpg\",\"width\":960,\"height\":720},{\"@type\":\"BreadcrumbList\",\"@id\":\"https:\\\/\\\/balneariodelugo.com\\\/gl\\\/arde-lvcvs-mmxvii-invocacion-as-ninfas\\\/#breadcrumb\",\"itemListElement\":[{\"@type\":\"ListItem\",\"position\":1,\"name\":\"Portada\",\"item\":\"https:\\\/\\\/balneariodelugo.com\\\/gl\\\/\"},{\"@type\":\"ListItem\",\"position\":2,\"name\":\"ARDE LVCVS MMXVII: ofrenda \u00e1s ninfas\"}]},{\"@type\":\"WebSite\",\"@id\":\"https:\\\/\\\/balneariodelugo.com\\\/gl\\\/#website\",\"url\":\"https:\\\/\\\/balneariodelugo.com\\\/gl\\\/\",\"name\":\"Hotel Balneario de Lugo - Termas Romanas\",\"description\":\"\",\"potentialAction\":[{\"@type\":\"SearchAction\",\"target\":{\"@type\":\"EntryPoint\",\"urlTemplate\":\"https:\\\/\\\/balneariodelugo.com\\\/gl\\\/?s={search_term_string}\"},\"query-input\":{\"@type\":\"PropertyValueSpecification\",\"valueRequired\":true,\"valueName\":\"search_term_string\"}}],\"inLanguage\":\"gl-ES\"},{\"@type\":\"Person\",\"@id\":\"https:\\\/\\\/balneariodelugo.com\\\/gl\\\/#\\\/schema\\\/person\\\/dfc44874c259e1f55e3bee4157b4a43e\",\"name\":\"Balneario de Lugo\",\"image\":{\"@type\":\"ImageObject\",\"inLanguage\":\"gl-ES\",\"@id\":\"https:\\\/\\\/secure.gravatar.com\\\/avatar\\\/d3474083bd0cd3b786b8be314e297a788e6a05ea95bef04244985c267c46777f?s=96&d=mm&r=g\",\"url\":\"https:\\\/\\\/secure.gravatar.com\\\/avatar\\\/d3474083bd0cd3b786b8be314e297a788e6a05ea95bef04244985c267c46777f?s=96&d=mm&r=g\",\"contentUrl\":\"https:\\\/\\\/secure.gravatar.com\\\/avatar\\\/d3474083bd0cd3b786b8be314e297a788e6a05ea95bef04244985c267c46777f?s=96&d=mm&r=g\",\"caption\":\"Balneario de Lugo\"}}]}<\/script>\n<!-- \/ Yoast SEO plugin. -->","yoast_head_json":{"title":"ARDE LVCVS MMXVII: ofrenda \u00e1s ninfas - Hotel Balneario de Lugo - Termas Romanas","robots":{"index":"index","follow":"follow","max-snippet":"max-snippet:-1","max-image-preview":"max-image-preview:large","max-video-preview":"max-video-preview:-1"},"canonical":"https:\/\/balneariodelugo.com\/gl\/arde-lvcvs-mmxvii-invocacion-as-ninfas\/","og_locale":"gl_ES","og_type":"article","og_title":"ARDE LVCVS MMXVII: ofrenda \u00e1s ninfas - Hotel Balneario de Lugo - Termas Romanas","og_description":"O pasado venres, d\u00eda 30 de xu\u00f1o, celebrouse, nas Termas Romanas de Lvcvs Avgvsti, un acto de ofrenda \u00e1s ninfas, con motivo da celebraci\u00f3n do Arde Lvcvs, Festa de Interese Tur\u00edstico Nacional, que cada a\u00f1o fai revivir a historia romana e castrexa da cidade.","og_url":"https:\/\/balneariodelugo.com\/gl\/arde-lvcvs-mmxvii-invocacion-as-ninfas\/","og_site_name":"Hotel Balneario de Lugo - Termas Romanas","article_published_time":"2017-07-06T09:32:27+00:00","article_modified_time":"2020-08-31T10:17:10+00:00","og_image":[{"width":960,"height":720,"url":"https:\/\/balneariodelugo.com\/wp-content\/uploads\/2017\/07\/ardelucus.balneariodelugo-1.jpg","type":"image\/jpeg"}],"author":"Balneario de Lugo","twitter_misc":{"Escrito por":"Balneario de Lugo"},"schema":{"@context":"https:\/\/schema.org","@graph":[{"@type":"Article","@id":"https:\/\/balneariodelugo.com\/gl\/arde-lvcvs-mmxvii-invocacion-as-ninfas\/#article","isPartOf":{"@id":"https:\/\/balneariodelugo.com\/gl\/arde-lvcvs-mmxvii-invocacion-as-ninfas\/"},"author":{"name":"Balneario de Lugo","@id":"https:\/\/balneariodelugo.com\/gl\/#\/schema\/person\/dfc44874c259e1f55e3bee4157b4a43e"},"headline":"ARDE LVCVS MMXVII: ofrenda \u00e1s ninfas","datePublished":"2017-07-06T09:32:27+00:00","dateModified":"2020-08-31T10:17:10+00:00","mainEntityOfPage":{"@id":"https:\/\/balneariodelugo.com\/gl\/arde-lvcvs-mmxvii-invocacion-as-ninfas\/"},"wordCount":54,"image":{"@id":"https:\/\/balneariodelugo.com\/gl\/arde-lvcvs-mmxvii-invocacion-as-ninfas\/#primaryimage"},"thumbnailUrl":"https:\/\/balneariodelugo.com\/wp-content\/uploads\/2017\/07\/ardelucus.balneariodelugo-1.jpg","articleSection":["Novas"],"inLanguage":"gl-ES"},{"@type":"WebPage","@id":"https:\/\/balneariodelugo.com\/gl\/arde-lvcvs-mmxvii-invocacion-as-ninfas\/","url":"https:\/\/balneariodelugo.com\/gl\/arde-lvcvs-mmxvii-invocacion-as-ninfas\/","name":"ARDE LVCVS MMXVII: ofrenda \u00e1s ninfas - Hotel Balneario de Lugo - Termas Romanas","isPartOf":{"@id":"https:\/\/balneariodelugo.com\/gl\/#website"},"primaryImageOfPage":{"@id":"https:\/\/balneariodelugo.com\/gl\/arde-lvcvs-mmxvii-invocacion-as-ninfas\/#primaryimage"},"image":{"@id":"https:\/\/balneariodelugo.com\/gl\/arde-lvcvs-mmxvii-invocacion-as-ninfas\/#primaryimage"},"thumbnailUrl":"https:\/\/balneariodelugo.com\/wp-content\/uploads\/2017\/07\/ardelucus.balneariodelugo-1.jpg","datePublished":"2017-07-06T09:32:27+00:00","dateModified":"2020-08-31T10:17:10+00:00","author":{"@id":"https:\/\/balneariodelugo.com\/gl\/#\/schema\/person\/dfc44874c259e1f55e3bee4157b4a43e"},"breadcrumb":{"@id":"https:\/\/balneariodelugo.com\/gl\/arde-lvcvs-mmxvii-invocacion-as-ninfas\/#breadcrumb"},"inLanguage":"gl-ES","potentialAction":[{"@type":"ReadAction","target":["https:\/\/balneariodelugo.com\/gl\/arde-lvcvs-mmxvii-invocacion-as-ninfas\/"]}]},{"@type":"ImageObject","inLanguage":"gl-ES","@id":"https:\/\/balneariodelugo.com\/gl\/arde-lvcvs-mmxvii-invocacion-as-ninfas\/#primaryimage","url":"https:\/\/balneariodelugo.com\/wp-content\/uploads\/2017\/07\/ardelucus.balneariodelugo-1.jpg","contentUrl":"https:\/\/balneariodelugo.com\/wp-content\/uploads\/2017\/07\/ardelucus.balneariodelugo-1.jpg","width":960,"height":720},{"@type":"BreadcrumbList","@id":"https:\/\/balneariodelugo.com\/gl\/arde-lvcvs-mmxvii-invocacion-as-ninfas\/#breadcrumb","itemListElement":[{"@type":"ListItem","position":1,"name":"Portada","item":"https:\/\/balneariodelugo.com\/gl\/"},{"@type":"ListItem","position":2,"name":"ARDE LVCVS MMXVII: ofrenda \u00e1s ninfas"}]},{"@type":"WebSite","@id":"https:\/\/balneariodelugo.com\/gl\/#website","url":"https:\/\/balneariodelugo.com\/gl\/","name":"Hotel Balneario de Lugo - Termas Romanas","description":"","potentialAction":[{"@type":"SearchAction","target":{"@type":"EntryPoint","urlTemplate":"https:\/\/balneariodelugo.com\/gl\/?s={search_term_string}"},"query-input":{"@type":"PropertyValueSpecification","valueRequired":true,"valueName":"search_term_string"}}],"inLanguage":"gl-ES"},{"@type":"Person","@id":"https:\/\/balneariodelugo.com\/gl\/#\/schema\/person\/dfc44874c259e1f55e3bee4157b4a43e","name":"Balneario de Lugo","image":{"@type":"ImageObject","inLanguage":"gl-ES","@id":"https:\/\/secure.gravatar.com\/avatar\/d3474083bd0cd3b786b8be314e297a788e6a05ea95bef04244985c267c46777f?s=96&d=mm&r=g","url":"https:\/\/secure.gravatar.com\/avatar\/d3474083bd0cd3b786b8be314e297a788e6a05ea95bef04244985c267c46777f?s=96&d=mm&r=g","contentUrl":"https:\/\/secure.gravatar.com\/avatar\/d3474083bd0cd3b786b8be314e297a788e6a05ea95bef04244985c267c46777f?s=96&d=mm&r=g","caption":"Balneario de Lugo"}}]}},"_links":{"self":[{"href":"https:\/\/balneariodelugo.com\/gl\/wp-json\/wp\/v2\/posts\/3949","targetHints":{"allow":["GET"]}}],"collection":[{"href":"https:\/\/balneariodelugo.com\/gl\/wp-json\/wp\/v2\/posts"}],"about":[{"href":"https:\/\/balneariodelugo.com\/gl\/wp-json\/wp\/v2\/types\/post"}],"author":[{"embeddable":true,"href":"https:\/\/balneariodelugo.com\/gl\/wp-json\/wp\/v2\/users\/4"}],"replies":[{"embeddable":true,"href":"https:\/\/balneariodelugo.com\/gl\/wp-json\/wp\/v2\/comments?post=3949"}],"version-history":[{"count":0,"href":"https:\/\/balneariodelugo.com\/gl\/wp-json\/wp\/v2\/posts\/3949\/revisions"}],"wp:featuredmedia":[{"embeddable":true,"href":"https:\/\/balneariodelugo.com\/gl\/wp-json\/wp\/v2\/media\/16178"}],"wp:attachment":[{"href":"https:\/\/balneariodelugo.com\/gl\/wp-json\/wp\/v2\/media?parent=3949"}],"wp:term":[{"taxonomy":"category","embeddable":true,"href":"https:\/\/balneariodelugo.com\/gl\/wp-json\/wp\/v2\/categories?post=3949"},{"taxonomy":"post_tag","embeddable":true,"href":"https:\/\/balneariodelugo.com\/gl\/wp-json\/wp\/v2\/tags?post=3949"}],"curies":[{"name":"wp","href":"https:\/\/api.w.org\/{rel}","templated":true}]}}